{"name":"ZD Oseva \u017d\u010f\u00e1r","description":"Zem\u011bd\u011blsk\u00e9 dru\u017estvo se s\u00eddlem v obci \u017d\u010f\u00e1r","url":"http:\/\/www.zdosevazdar.cz","namespaces":["oembed\/1.0"],"authentication":[],"routes":{"\/":{"namespace":"","methods":["GET"],"endpoints":[{"methods":["GET"],"args":{"context":{"required":false,"default":"view"}}}],"_links":{"self":"https:\/\/www.zdosevazdar.cz\/?rest_route=\/"}},"\/oembed\/1.0":{"namespace":"oembed\/1.0","methods":["GET"],"endpoints":[{"methods":["GET"],"args":{"namespace":{"required":false,"default":"oembed\/1.0"},"context":{"required":false,"default":"view"}}}],"_links":{"self":"https:\/\/www.zdosevazdar.cz\/?rest_route=\/oembed\/1.0"}},"\/oembed\/1.0\/embed":{"namespace":"oembed\/1.0","methods":["GET"],"endpoints":[{"methods":["GET"],"args":{"url":{"required":true},"format":{"required":false,"default":"json"},"maxwidth":{"required":false,"default":600}}}],"_links":{"self":"https:\/\/www.zdosevazdar.cz\/?rest_route=\/oembed\/1.0\/embed"}}},"_links":{"help":[{"href":"http:\/\/v2.wp-api.org\/"}]}}